{"id":1427,"date":"2013-11-19T16:19:54","date_gmt":"2013-11-19T15:19:54","guid":{"rendered":"https:\/\/www.lespastourels.com\/100-kms-de-belves\/"},"modified":"2026-03-25T11:50:53","modified_gmt":"2026-03-25T10:50:53","slug":"100-kms-of-belves","status":"publish","type":"post","link":"https:\/\/www.lespastourels.com\/en\/100-kms-of-belves\/","title":{"rendered":"100 kms of Belves"},"content":{"rendered":"<p><img decoding=\"async\" class=\"wp-image-454 alignright\" src=\"https:\/\/www.lespastourels.com\/wp-content\/uploads\/2013\/11\/50-100-km-belves.jpg\" alt=\"100 km de Belv\u00e8s\" width=\"280\" height=\"118\" \/><\/p>\n<p>The 100 kms of Belv\u00e8s is a mythical race (Belv\u00e8s &#8211; Sarlat &#8211; Belv\u00e8s) which takes place in Spring in the heart of the P\u00e9rigord Noir.<\/p>\n<p>We regularly host 100 bornards, notably the French women&#8217;s team in 2013 and the Equipe des Trainards in 2012.<\/p>\n<p>There is also a 50km race between Belv\u00e8s and Sarlat on the programme&#8230; for the more reasonable.<\/p>\n<p>&nbsp;<\/p>\n","protected":false},"excerpt":{"rendered":"<p>The 100 kms of Belv\u00e8s is a mythical race (Belv\u00e8s &#8211; Sarlat &#8211; Belv\u00e8s) which takes place in Spring in [&hellip;]<\/p>\n","protected":false},"author":3,"featured_media":450,"comment_status":"open","ping_status":"closed","sticky":false,"template":"","format":"standard","meta":{"_acf_changed":false,"footnotes":""},"categories":[2],"tags":[],"class_list":["post-1427","post","type-post","status-publish","format-standard","has-post-thumbnail","hentry","category-news"],"acf":[],"yoast_head":"<!-- This site is optimized with the Yoast SEO plugin v27.3 - https:\/\/yoast.com\/product\/yoast-seo-wordpress\/ -->\n<title>100 kms of Belves - Domaine Les Pastourels<\/title>\n<meta name=\"robots\" content=\"index, follow, max-snippet:-1, max-image-preview:large, max-video-preview:-1\" \/>\n<link rel=\"canonical\" href=\"https:\/\/www.lespastourels.com\/en\/100-kms-of-belves\/\" \/>\n<meta property=\"og:locale\" content=\"en_US\" \/>\n<meta property=\"og:type\" content=\"article\" \/>\n<meta property=\"og:title\" content=\"100 kms of Belves - Domaine Les Pastourels\" \/>\n<meta property=\"og:description\" content=\"The 100 kms of Belv\u00e8s is a mythical race (Belv\u00e8s &#8211; Sarlat &#8211; Belv\u00e8s) which takes place in Spring in [&hellip;]\" \/>\n<meta property=\"og:url\" content=\"https:\/\/www.lespastourels.com\/en\/100-kms-of-belves\/\" \/>\n<meta property=\"og:site_name\" content=\"Domaine Les Pastourels\" \/>\n<meta property=\"article:published_time\" content=\"2013-11-19T15:19:54+00:00\" \/>\n<meta property=\"article:modified_time\" content=\"2026-03-25T10:50:53+00:00\" \/>\n<meta property=\"og:image\" content=\"https:\/\/www.lespastourels.com\/wp-content\/uploads\/2013\/11\/100km-de-belves.jpg\" \/>\n\t<meta property=\"og:image:width\" content=\"370\" \/>\n\t<meta property=\"og:image:height\" content=\"490\" \/>\n\t<meta property=\"og:image:type\" content=\"image\/jpeg\" \/>\n<meta name=\"author\" content=\"Elodie.bergeR\" \/>\n<meta name=\"twitter:card\" content=\"summary_large_image\" \/>\n<meta name=\"twitter:label1\" content=\"Written by\" \/>\n\t<meta name=\"twitter:data1\" content=\"Elodie.bergeR\" \/>\n\t<meta name=\"twitter:label2\" content=\"Est. reading time\" \/>\n\t<meta name=\"twitter:data2\" content=\"1 minute\" \/>\n<script type=\"application\/ld+json\" class=\"yoast-schema-graph\">{\"@context\":\"https:\\\/\\\/schema.org\",\"@graph\":[{\"@type\":\"Article\",\"@id\":\"https:\\\/\\\/www.lespastourels.com\\\/en\\\/100-kms-of-belves\\\/#article\",\"isPartOf\":{\"@id\":\"https:\\\/\\\/www.lespastourels.com\\\/en\\\/100-kms-of-belves\\\/\"},\"author\":{\"name\":\"Elodie.bergeR\",\"@id\":\"https:\\\/\\\/www.lespastourels.com\\\/en\\\/#\\\/schema\\\/person\\\/105b2d41d3ac9465de4ae629e4c6edb0\"},\"headline\":\"100 kms of Belves\",\"datePublished\":\"2013-11-19T15:19:54+00:00\",\"dateModified\":\"2026-03-25T10:50:53+00:00\",\"mainEntityOfPage\":{\"@id\":\"https:\\\/\\\/www.lespastourels.com\\\/en\\\/100-kms-of-belves\\\/\"},\"wordCount\":68,\"commentCount\":0,\"publisher\":{\"@id\":\"https:\\\/\\\/www.lespastourels.com\\\/en\\\/#organization\"},\"image\":{\"@id\":\"https:\\\/\\\/www.lespastourels.com\\\/en\\\/100-kms-of-belves\\\/#primaryimage\"},\"thumbnailUrl\":\"https:\\\/\\\/www.lespastourels.com\\\/wp-content\\\/uploads\\\/2013\\\/11\\\/100km-de-belves.jpg\",\"articleSection\":[\"News\"],\"inLanguage\":\"en-US\",\"potentialAction\":[{\"@type\":\"CommentAction\",\"name\":\"Comment\",\"target\":[\"https:\\\/\\\/www.lespastourels.com\\\/en\\\/100-kms-of-belves\\\/#respond\"]}]},{\"@type\":\"WebPage\",\"@id\":\"https:\\\/\\\/www.lespastourels.com\\\/en\\\/100-kms-of-belves\\\/\",\"url\":\"https:\\\/\\\/www.lespastourels.com\\\/en\\\/100-kms-of-belves\\\/\",\"name\":\"100 kms of Belves - Domaine Les Pastourels\",\"isPartOf\":{\"@id\":\"https:\\\/\\\/www.lespastourels.com\\\/en\\\/#website\"},\"primaryImageOfPage\":{\"@id\":\"https:\\\/\\\/www.lespastourels.com\\\/en\\\/100-kms-of-belves\\\/#primaryimage\"},\"image\":{\"@id\":\"https:\\\/\\\/www.lespastourels.com\\\/en\\\/100-kms-of-belves\\\/#primaryimage\"},\"thumbnailUrl\":\"https:\\\/\\\/www.lespastourels.com\\\/wp-content\\\/uploads\\\/2013\\\/11\\\/100km-de-belves.jpg\",\"datePublished\":\"2013-11-19T15:19:54+00:00\",\"dateModified\":\"2026-03-25T10:50:53+00:00\",\"inLanguage\":\"en-US\",\"potentialAction\":[{\"@type\":\"ReadAction\",\"target\":[\"https:\\\/\\\/www.lespastourels.com\\\/en\\\/100-kms-of-belves\\\/\"]}]},{\"@type\":\"ImageObject\",\"inLanguage\":\"en-US\",\"@id\":\"https:\\\/\\\/www.lespastourels.com\\\/en\\\/100-kms-of-belves\\\/#primaryimage\",\"url\":\"https:\\\/\\\/www.lespastourels.com\\\/wp-content\\\/uploads\\\/2013\\\/11\\\/100km-de-belves.jpg\",\"contentUrl\":\"https:\\\/\\\/www.lespastourels.com\\\/wp-content\\\/uploads\\\/2013\\\/11\\\/100km-de-belves.jpg\",\"width\":370,\"height\":490,\"caption\":\"100km de Belv\u00e8s\"},{\"@type\":\"WebSite\",\"@id\":\"https:\\\/\\\/www.lespastourels.com\\\/en\\\/#website\",\"url\":\"https:\\\/\\\/www.lespastourels.com\\\/en\\\/\",\"name\":\"Domaine Les Pastourels\",\"description\":\"Camping en P\u00e9rigord Noir\",\"publisher\":{\"@id\":\"https:\\\/\\\/www.lespastourels.com\\\/en\\\/#organization\"},\"potentialAction\":[{\"@type\":\"SearchAction\",\"target\":{\"@type\":\"EntryPoint\",\"urlTemplate\":\"https:\\\/\\\/www.lespastourels.com\\\/en\\\/?s={search_term_string}\"},\"query-input\":{\"@type\":\"PropertyValueSpecification\",\"valueRequired\":true,\"valueName\":\"search_term_string\"}}],\"inLanguage\":\"en-US\"},{\"@type\":\"Organization\",\"@id\":\"https:\\\/\\\/www.lespastourels.com\\\/en\\\/#organization\",\"name\":\"Les Pastourels\",\"url\":\"https:\\\/\\\/www.lespastourels.com\\\/en\\\/\",\"logo\":{\"@type\":\"ImageObject\",\"inLanguage\":\"en-US\",\"@id\":\"https:\\\/\\\/www.lespastourels.com\\\/en\\\/#\\\/schema\\\/logo\\\/image\\\/\",\"url\":\"https:\\\/\\\/www.lespastourels.com\\\/wp-content\\\/uploads\\\/2021\\\/05\\\/logo.png\",\"contentUrl\":\"https:\\\/\\\/www.lespastourels.com\\\/wp-content\\\/uploads\\\/2021\\\/05\\\/logo.png\",\"width\":244,\"height\":196,\"caption\":\"Les Pastourels\"},\"image\":{\"@id\":\"https:\\\/\\\/www.lespastourels.com\\\/en\\\/#\\\/schema\\\/logo\\\/image\\\/\"}},{\"@type\":\"Person\",\"@id\":\"https:\\\/\\\/www.lespastourels.com\\\/en\\\/#\\\/schema\\\/person\\\/105b2d41d3ac9465de4ae629e4c6edb0\",\"name\":\"Elodie.bergeR\",\"image\":{\"@type\":\"ImageObject\",\"inLanguage\":\"en-US\",\"@id\":\"https:\\\/\\\/secure.gravatar.com\\\/avatar\\\/a47eed21d6a0c9d244e4efceaf53d7a0e7f70a479ee81fa608ab40e729553087?s=96&d=mm&r=g\",\"url\":\"https:\\\/\\\/secure.gravatar.com\\\/avatar\\\/a47eed21d6a0c9d244e4efceaf53d7a0e7f70a479ee81fa608ab40e729553087?s=96&d=mm&r=g\",\"contentUrl\":\"https:\\\/\\\/secure.gravatar.com\\\/avatar\\\/a47eed21d6a0c9d244e4efceaf53d7a0e7f70a479ee81fa608ab40e729553087?s=96&d=mm&r=g\",\"caption\":\"Elodie.bergeR\"}}]}<\/script>\n<!-- \/ Yoast SEO plugin. -->","yoast_head_json":{"title":"100 kms of Belves - Domaine Les Pastourels","robots":{"index":"index","follow":"follow","max-snippet":"max-snippet:-1","max-image-preview":"max-image-preview:large","max-video-preview":"max-video-preview:-1"},"canonical":"https:\/\/www.lespastourels.com\/en\/100-kms-of-belves\/","og_locale":"en_US","og_type":"article","og_title":"100 kms of Belves - Domaine Les Pastourels","og_description":"The 100 kms of Belv\u00e8s is a mythical race (Belv\u00e8s &#8211; Sarlat &#8211; Belv\u00e8s) which takes place in Spring in [&hellip;]","og_url":"https:\/\/www.lespastourels.com\/en\/100-kms-of-belves\/","og_site_name":"Domaine Les Pastourels","article_published_time":"2013-11-19T15:19:54+00:00","article_modified_time":"2026-03-25T10:50:53+00:00","og_image":[{"width":370,"height":490,"url":"https:\/\/www.lespastourels.com\/wp-content\/uploads\/2013\/11\/100km-de-belves.jpg","type":"image\/jpeg"}],"author":"Elodie.bergeR","twitter_card":"summary_large_image","twitter_misc":{"Written by":"Elodie.bergeR","Est. reading time":"1 minute"},"schema":{"@context":"https:\/\/schema.org","@graph":[{"@type":"Article","@id":"https:\/\/www.lespastourels.com\/en\/100-kms-of-belves\/#article","isPartOf":{"@id":"https:\/\/www.lespastourels.com\/en\/100-kms-of-belves\/"},"author":{"name":"Elodie.bergeR","@id":"https:\/\/www.lespastourels.com\/en\/#\/schema\/person\/105b2d41d3ac9465de4ae629e4c6edb0"},"headline":"100 kms of Belves","datePublished":"2013-11-19T15:19:54+00:00","dateModified":"2026-03-25T10:50:53+00:00","mainEntityOfPage":{"@id":"https:\/\/www.lespastourels.com\/en\/100-kms-of-belves\/"},"wordCount":68,"commentCount":0,"publisher":{"@id":"https:\/\/www.lespastourels.com\/en\/#organization"},"image":{"@id":"https:\/\/www.lespastourels.com\/en\/100-kms-of-belves\/#primaryimage"},"thumbnailUrl":"https:\/\/www.lespastourels.com\/wp-content\/uploads\/2013\/11\/100km-de-belves.jpg","articleSection":["News"],"inLanguage":"en-US","potentialAction":[{"@type":"CommentAction","name":"Comment","target":["https:\/\/www.lespastourels.com\/en\/100-kms-of-belves\/#respond"]}]},{"@type":"WebPage","@id":"https:\/\/www.lespastourels.com\/en\/100-kms-of-belves\/","url":"https:\/\/www.lespastourels.com\/en\/100-kms-of-belves\/","name":"100 kms of Belves - Domaine Les Pastourels","isPartOf":{"@id":"https:\/\/www.lespastourels.com\/en\/#website"},"primaryImageOfPage":{"@id":"https:\/\/www.lespastourels.com\/en\/100-kms-of-belves\/#primaryimage"},"image":{"@id":"https:\/\/www.lespastourels.com\/en\/100-kms-of-belves\/#primaryimage"},"thumbnailUrl":"https:\/\/www.lespastourels.com\/wp-content\/uploads\/2013\/11\/100km-de-belves.jpg","datePublished":"2013-11-19T15:19:54+00:00","dateModified":"2026-03-25T10:50:53+00:00","inLanguage":"en-US","potentialAction":[{"@type":"ReadAction","target":["https:\/\/www.lespastourels.com\/en\/100-kms-of-belves\/"]}]},{"@type":"ImageObject","inLanguage":"en-US","@id":"https:\/\/www.lespastourels.com\/en\/100-kms-of-belves\/#primaryimage","url":"https:\/\/www.lespastourels.com\/wp-content\/uploads\/2013\/11\/100km-de-belves.jpg","contentUrl":"https:\/\/www.lespastourels.com\/wp-content\/uploads\/2013\/11\/100km-de-belves.jpg","width":370,"height":490,"caption":"100km de Belv\u00e8s"},{"@type":"WebSite","@id":"https:\/\/www.lespastourels.com\/en\/#website","url":"https:\/\/www.lespastourels.com\/en\/","name":"Domaine Les Pastourels","description":"Camping en P\u00e9rigord Noir","publisher":{"@id":"https:\/\/www.lespastourels.com\/en\/#organization"},"potentialAction":[{"@type":"SearchAction","target":{"@type":"EntryPoint","urlTemplate":"https:\/\/www.lespastourels.com\/en\/?s={search_term_string}"},"query-input":{"@type":"PropertyValueSpecification","valueRequired":true,"valueName":"search_term_string"}}],"inLanguage":"en-US"},{"@type":"Organization","@id":"https:\/\/www.lespastourels.com\/en\/#organization","name":"Les Pastourels","url":"https:\/\/www.lespastourels.com\/en\/","logo":{"@type":"ImageObject","inLanguage":"en-US","@id":"https:\/\/www.lespastourels.com\/en\/#\/schema\/logo\/image\/","url":"https:\/\/www.lespastourels.com\/wp-content\/uploads\/2021\/05\/logo.png","contentUrl":"https:\/\/www.lespastourels.com\/wp-content\/uploads\/2021\/05\/logo.png","width":244,"height":196,"caption":"Les Pastourels"},"image":{"@id":"https:\/\/www.lespastourels.com\/en\/#\/schema\/logo\/image\/"}},{"@type":"Person","@id":"https:\/\/www.lespastourels.com\/en\/#\/schema\/person\/105b2d41d3ac9465de4ae629e4c6edb0","name":"Elodie.bergeR","image":{"@type":"ImageObject","inLanguage":"en-US","@id":"https:\/\/secure.gravatar.com\/avatar\/a47eed21d6a0c9d244e4efceaf53d7a0e7f70a479ee81fa608ab40e729553087?s=96&d=mm&r=g","url":"https:\/\/secure.gravatar.com\/avatar\/a47eed21d6a0c9d244e4efceaf53d7a0e7f70a479ee81fa608ab40e729553087?s=96&d=mm&r=g","contentUrl":"https:\/\/secure.gravatar.com\/avatar\/a47eed21d6a0c9d244e4efceaf53d7a0e7f70a479ee81fa608ab40e729553087?s=96&d=mm&r=g","caption":"Elodie.bergeR"}}]}},"_links":{"self":[{"href":"https:\/\/www.lespastourels.com\/en\/wp-json\/wp\/v2\/posts\/1427","targetHints":{"allow":["GET"]}}],"collection":[{"href":"https:\/\/www.lespastourels.com\/en\/wp-json\/wp\/v2\/posts"}],"about":[{"href":"https:\/\/www.lespastourels.com\/en\/wp-json\/wp\/v2\/types\/post"}],"author":[{"embeddable":true,"href":"https:\/\/www.lespastourels.com\/en\/wp-json\/wp\/v2\/users\/3"}],"replies":[{"embeddable":true,"href":"https:\/\/www.lespastourels.com\/en\/wp-json\/wp\/v2\/comments?post=1427"}],"version-history":[{"count":1,"href":"https:\/\/www.lespastourels.com\/en\/wp-json\/wp\/v2\/posts\/1427\/revisions"}],"predecessor-version":[{"id":3158,"href":"https:\/\/www.lespastourels.com\/en\/wp-json\/wp\/v2\/posts\/1427\/revisions\/3158"}],"wp:featuredmedia":[{"embeddable":true,"href":"https:\/\/www.lespastourels.com\/en\/wp-json\/wp\/v2\/media\/450"}],"wp:attachment":[{"href":"https:\/\/www.lespastourels.com\/en\/wp-json\/wp\/v2\/media?parent=1427"}],"wp:term":[{"taxonomy":"category","embeddable":true,"href":"https:\/\/www.lespastourels.com\/en\/wp-json\/wp\/v2\/categories?post=1427"},{"taxonomy":"post_tag","embeddable":true,"href":"https:\/\/www.lespastourels.com\/en\/wp-json\/wp\/v2\/tags?post=1427"}],"curies":[{"name":"wp","href":"https:\/\/api.w.org\/{rel}","templated":true}]}}