{"id":2497,"date":"2023-03-07T16:20:28","date_gmt":"2023-03-07T15:20:28","guid":{"rendered":"https:\/\/www.lespastourels.com\/?p=2497"},"modified":"2026-03-25T11:49:35","modified_gmt":"2026-03-25T10:49:35","slug":"boekenbeurs-chateau-des-milandes","status":"publish","type":"post","link":"https:\/\/www.lespastourels.com\/nl\/boekenbeurs-chateau-des-milandes\/","title":{"rendered":"Boekenbeurs &#8211; Ch\u00e2teau des Milandes"},"content":{"rendered":"<p>Van 23 tot en met 25 juni 2023 vindt in het <a href=\"https:\/\/www.lespastourels.com\/nl\/bezoek-de-perigord-noir\/de-dordogne-vallei\/\"><span style=\"color: #c3a014;\">Ch\u00e2teau Des Milandes in Castelnaud-La-Chapelle<\/span><\/a>, de voormalige residentie van <strong>Jos\u00e9phine Baker<\/strong>, een boekenbeurs plaats die gewijd is aan de strijd tegen racisme.<\/p>\n<p>Deze eerste boekenbeurs wordt georganiseerd door het LICRA.<\/p>\n<p>Er worden ook persoonlijkheden aangekondigd zoals de gastheer <strong>Michel Drucker<\/strong>, de kunstenaar <strong>Francis Cabrel<\/strong> die de beschermheer zal zijn van de vrijdagse jeugddag, maar ook politieke persoonlijkheden zoals de voormalige president <strong>Fran\u00e7ois Hollande<\/strong> en de minister van Onderwijs <strong>Pap Ndiaye<\/strong>. Ook een lid van de koninklijke familie van Monaco zal op het festival aanwezig zijn, want Josephine Baker was zeer bevriend met prinses Grace van Monaco en vond er onderdak toen ze uit Les Milandes werd gezet.<\/p>\n<p>Het grote publiek zal een veertigtal nationale en regionale auteurs kunnen ontmoeten en een tiental rondetafelgesprekken kunnen bijwonen die gewijd zijn aan Jos\u00e9phine Baker, haar strijd en haar vele verplichtingen.<\/p>\n<p><strong>Jos\u00e9phine Baker<\/strong> was draagster van een boodschap van vrede en verdraagzaamheid. Het is dit aspect van de complexe figuur die Jos\u00e9phine Baker was (ook verzetsstrijdster, danseres, zangeres, actrice, activiste en oorlogsmedaillewinnares) dat de Internationale Liga tegen Racisme en Antisemitisme met het eerste Josephine Baker-boekenfestival onder de aandacht wil brengen.<\/p>\n<p>Verzetsstrijdster, strijdster tegen racisme, antisemitisme en voor de emancipatie van zwarten, Jos\u00e9phine Baker heeft de geschiedenis van de P\u00e9rigord, maar meer nog de geschiedenis van de wereld getekend.<\/p>\n<p>Het <strong>Domaine Les Pastourels<\/strong> ligt op minder dan 3 minuten van het <strong>Ch\u00e2teau Des Milandes<\/strong>, zodat u op onze camping kunt verblijven en kunt genieten van de boekenbeurs<\/p>\n","protected":false},"excerpt":{"rendered":"<p>Van 23 tot en met 25 juni 2023 vindt in het Ch\u00e2teau Des Milandes in Castelnaud-La-Chapelle, de voormalige residentie van [&hellip;]<\/p>\n","protected":false},"author":2,"featured_media":2484,"comment_status":"open","ping_status":"closed","sticky":false,"template":"","format":"standard","meta":{"_acf_changed":false,"footnotes":""},"categories":[3],"tags":[],"class_list":["post-2497","post","type-post","status-publish","format-standard","has-post-thumbnail","hentry","category-nieuws"],"acf":[],"yoast_head":"<!-- This site is optimized with the Yoast SEO plugin v27.3 - https:\/\/yoast.com\/product\/yoast-seo-wordpress\/ -->\n<title>Boekenbeurs - Ch\u00e2teau des Milandes - Domaine Les Pastourels<\/title>\n<meta name=\"description\" content=\"1e Boekenbeurs van 23 tot 25 juni 2023, in het Ch\u00e2teau des Milandes, gewijd aan de strijd tegen racisme in het hart van de P\u00e9rigord Noir\" \/>\n<meta name=\"robots\" content=\"index, follow, max-snippet:-1, max-image-preview:large, max-video-preview:-1\" \/>\n<link rel=\"canonical\" href=\"https:\/\/www.lespastourels.com\/nl\/boekenbeurs-chateau-des-milandes\/\" \/>\n<meta property=\"og:locale\" content=\"nl_NL\" \/>\n<meta property=\"og:type\" content=\"article\" \/>\n<meta property=\"og:title\" content=\"Boekenbeurs - Ch\u00e2teau des Milandes - Domaine Les Pastourels\" \/>\n<meta property=\"og:description\" content=\"1e Boekenbeurs van 23 tot 25 juni 2023, in het Ch\u00e2teau des Milandes, gewijd aan de strijd tegen racisme in het hart van de P\u00e9rigord Noir\" \/>\n<meta property=\"og:url\" content=\"https:\/\/www.lespastourels.com\/nl\/boekenbeurs-chateau-des-milandes\/\" \/>\n<meta property=\"og:site_name\" content=\"Domaine Les Pastourels\" \/>\n<meta property=\"article:published_time\" content=\"2023-03-07T15:20:28+00:00\" \/>\n<meta property=\"article:modified_time\" content=\"2026-03-25T10:49:35+00:00\" \/>\n<meta property=\"og:image\" content=\"https:\/\/www.lespastourels.com\/wp-content\/uploads\/2023\/02\/Josephine-Baker.jpg\" \/>\n\t<meta property=\"og:image:width\" content=\"474\" \/>\n\t<meta property=\"og:image:height\" content=\"609\" \/>\n\t<meta property=\"og:image:type\" content=\"image\/jpeg\" \/>\n<meta name=\"author\" content=\"Les.pastourelS\" \/>\n<meta name=\"twitter:card\" content=\"summary_large_image\" \/>\n<meta name=\"twitter:label1\" content=\"Geschreven door\" \/>\n\t<meta name=\"twitter:data1\" content=\"Les.pastourelS\" \/>\n\t<meta name=\"twitter:label2\" content=\"Geschatte leestijd\" \/>\n\t<meta name=\"twitter:data2\" content=\"1 minuut\" \/>\n<script type=\"application\/ld+json\" class=\"yoast-schema-graph\">{\"@context\":\"https:\\\/\\\/schema.org\",\"@graph\":[{\"@type\":\"Article\",\"@id\":\"https:\\\/\\\/www.lespastourels.com\\\/nl\\\/boekenbeurs-chateau-des-milandes\\\/#article\",\"isPartOf\":{\"@id\":\"https:\\\/\\\/www.lespastourels.com\\\/nl\\\/boekenbeurs-chateau-des-milandes\\\/\"},\"author\":{\"name\":\"Les.pastourelS\",\"@id\":\"https:\\\/\\\/www.lespastourels.com\\\/nl\\\/#\\\/schema\\\/person\\\/1941f412caa3e2df9ce408c89443ad94\"},\"headline\":\"Boekenbeurs &#8211; Ch\u00e2teau des Milandes\",\"datePublished\":\"2023-03-07T15:20:28+00:00\",\"dateModified\":\"2026-03-25T10:49:35+00:00\",\"mainEntityOfPage\":{\"@id\":\"https:\\\/\\\/www.lespastourels.com\\\/nl\\\/boekenbeurs-chateau-des-milandes\\\/\"},\"wordCount\":264,\"commentCount\":0,\"publisher\":{\"@id\":\"https:\\\/\\\/www.lespastourels.com\\\/nl\\\/#organization\"},\"image\":{\"@id\":\"https:\\\/\\\/www.lespastourels.com\\\/nl\\\/boekenbeurs-chateau-des-milandes\\\/#primaryimage\"},\"thumbnailUrl\":\"https:\\\/\\\/www.lespastourels.com\\\/wp-content\\\/uploads\\\/2023\\\/02\\\/Josephine-Baker.jpg\",\"articleSection\":[\"Nieuws\"],\"inLanguage\":\"nl-NL\",\"potentialAction\":[{\"@type\":\"CommentAction\",\"name\":\"Comment\",\"target\":[\"https:\\\/\\\/www.lespastourels.com\\\/nl\\\/boekenbeurs-chateau-des-milandes\\\/#respond\"]}]},{\"@type\":\"WebPage\",\"@id\":\"https:\\\/\\\/www.lespastourels.com\\\/nl\\\/boekenbeurs-chateau-des-milandes\\\/\",\"url\":\"https:\\\/\\\/www.lespastourels.com\\\/nl\\\/boekenbeurs-chateau-des-milandes\\\/\",\"name\":\"Boekenbeurs - Ch\u00e2teau des Milandes - Domaine Les Pastourels\",\"isPartOf\":{\"@id\":\"https:\\\/\\\/www.lespastourels.com\\\/nl\\\/#website\"},\"primaryImageOfPage\":{\"@id\":\"https:\\\/\\\/www.lespastourels.com\\\/nl\\\/boekenbeurs-chateau-des-milandes\\\/#primaryimage\"},\"image\":{\"@id\":\"https:\\\/\\\/www.lespastourels.com\\\/nl\\\/boekenbeurs-chateau-des-milandes\\\/#primaryimage\"},\"thumbnailUrl\":\"https:\\\/\\\/www.lespastourels.com\\\/wp-content\\\/uploads\\\/2023\\\/02\\\/Josephine-Baker.jpg\",\"datePublished\":\"2023-03-07T15:20:28+00:00\",\"dateModified\":\"2026-03-25T10:49:35+00:00\",\"description\":\"1e Boekenbeurs van 23 tot 25 juni 2023, in het Ch\u00e2teau des Milandes, gewijd aan de strijd tegen racisme in het hart van de P\u00e9rigord Noir\",\"inLanguage\":\"nl-NL\",\"potentialAction\":[{\"@type\":\"ReadAction\",\"target\":[\"https:\\\/\\\/www.lespastourels.com\\\/nl\\\/boekenbeurs-chateau-des-milandes\\\/\"]}]},{\"@type\":\"ImageObject\",\"inLanguage\":\"nl-NL\",\"@id\":\"https:\\\/\\\/www.lespastourels.com\\\/nl\\\/boekenbeurs-chateau-des-milandes\\\/#primaryimage\",\"url\":\"https:\\\/\\\/www.lespastourels.com\\\/wp-content\\\/uploads\\\/2023\\\/02\\\/Josephine-Baker.jpg\",\"contentUrl\":\"https:\\\/\\\/www.lespastourels.com\\\/wp-content\\\/uploads\\\/2023\\\/02\\\/Josephine-Baker.jpg\",\"width\":474,\"height\":609,\"caption\":\"Josephine Baker\"},{\"@type\":\"WebSite\",\"@id\":\"https:\\\/\\\/www.lespastourels.com\\\/nl\\\/#website\",\"url\":\"https:\\\/\\\/www.lespastourels.com\\\/nl\\\/\",\"name\":\"Domaine Les Pastourels\",\"description\":\"Camping en P\u00e9rigord Noir\",\"publisher\":{\"@id\":\"https:\\\/\\\/www.lespastourels.com\\\/nl\\\/#organization\"},\"potentialAction\":[{\"@type\":\"SearchAction\",\"target\":{\"@type\":\"EntryPoint\",\"urlTemplate\":\"https:\\\/\\\/www.lespastourels.com\\\/nl\\\/?s={search_term_string}\"},\"query-input\":{\"@type\":\"PropertyValueSpecification\",\"valueRequired\":true,\"valueName\":\"search_term_string\"}}],\"inLanguage\":\"nl-NL\"},{\"@type\":\"Organization\",\"@id\":\"https:\\\/\\\/www.lespastourels.com\\\/nl\\\/#organization\",\"name\":\"Les Pastourels\",\"url\":\"https:\\\/\\\/www.lespastourels.com\\\/nl\\\/\",\"logo\":{\"@type\":\"ImageObject\",\"inLanguage\":\"nl-NL\",\"@id\":\"https:\\\/\\\/www.lespastourels.com\\\/nl\\\/#\\\/schema\\\/logo\\\/image\\\/\",\"url\":\"https:\\\/\\\/www.lespastourels.com\\\/wp-content\\\/uploads\\\/2021\\\/05\\\/logo.png\",\"contentUrl\":\"https:\\\/\\\/www.lespastourels.com\\\/wp-content\\\/uploads\\\/2021\\\/05\\\/logo.png\",\"width\":244,\"height\":196,\"caption\":\"Les Pastourels\"},\"image\":{\"@id\":\"https:\\\/\\\/www.lespastourels.com\\\/nl\\\/#\\\/schema\\\/logo\\\/image\\\/\"}},{\"@type\":\"Person\",\"@id\":\"https:\\\/\\\/www.lespastourels.com\\\/nl\\\/#\\\/schema\\\/person\\\/1941f412caa3e2df9ce408c89443ad94\",\"name\":\"Les.pastourelS\",\"image\":{\"@type\":\"ImageObject\",\"inLanguage\":\"nl-NL\",\"@id\":\"https:\\\/\\\/secure.gravatar.com\\\/avatar\\\/4ff5d4ebc15037744fea29c5955131127dc4397ea80c0f627bcc66b71de7a554?s=96&d=mm&r=g\",\"url\":\"https:\\\/\\\/secure.gravatar.com\\\/avatar\\\/4ff5d4ebc15037744fea29c5955131127dc4397ea80c0f627bcc66b71de7a554?s=96&d=mm&r=g\",\"contentUrl\":\"https:\\\/\\\/secure.gravatar.com\\\/avatar\\\/4ff5d4ebc15037744fea29c5955131127dc4397ea80c0f627bcc66b71de7a554?s=96&d=mm&r=g\",\"caption\":\"Les.pastourelS\"}}]}<\/script>\n<!-- \/ Yoast SEO plugin. -->","yoast_head_json":{"title":"Boekenbeurs - Ch\u00e2teau des Milandes - Domaine Les Pastourels","description":"1e Boekenbeurs van 23 tot 25 juni 2023, in het Ch\u00e2teau des Milandes, gewijd aan de strijd tegen racisme in het hart van de P\u00e9rigord Noir","robots":{"index":"index","follow":"follow","max-snippet":"max-snippet:-1","max-image-preview":"max-image-preview:large","max-video-preview":"max-video-preview:-1"},"canonical":"https:\/\/www.lespastourels.com\/nl\/boekenbeurs-chateau-des-milandes\/","og_locale":"nl_NL","og_type":"article","og_title":"Boekenbeurs - Ch\u00e2teau des Milandes - Domaine Les Pastourels","og_description":"1e Boekenbeurs van 23 tot 25 juni 2023, in het Ch\u00e2teau des Milandes, gewijd aan de strijd tegen racisme in het hart van de P\u00e9rigord Noir","og_url":"https:\/\/www.lespastourels.com\/nl\/boekenbeurs-chateau-des-milandes\/","og_site_name":"Domaine Les Pastourels","article_published_time":"2023-03-07T15:20:28+00:00","article_modified_time":"2026-03-25T10:49:35+00:00","og_image":[{"width":474,"height":609,"url":"https:\/\/www.lespastourels.com\/wp-content\/uploads\/2023\/02\/Josephine-Baker.jpg","type":"image\/jpeg"}],"author":"Les.pastourelS","twitter_card":"summary_large_image","twitter_misc":{"Geschreven door":"Les.pastourelS","Geschatte leestijd":"1 minuut"},"schema":{"@context":"https:\/\/schema.org","@graph":[{"@type":"Article","@id":"https:\/\/www.lespastourels.com\/nl\/boekenbeurs-chateau-des-milandes\/#article","isPartOf":{"@id":"https:\/\/www.lespastourels.com\/nl\/boekenbeurs-chateau-des-milandes\/"},"author":{"name":"Les.pastourelS","@id":"https:\/\/www.lespastourels.com\/nl\/#\/schema\/person\/1941f412caa3e2df9ce408c89443ad94"},"headline":"Boekenbeurs &#8211; Ch\u00e2teau des Milandes","datePublished":"2023-03-07T15:20:28+00:00","dateModified":"2026-03-25T10:49:35+00:00","mainEntityOfPage":{"@id":"https:\/\/www.lespastourels.com\/nl\/boekenbeurs-chateau-des-milandes\/"},"wordCount":264,"commentCount":0,"publisher":{"@id":"https:\/\/www.lespastourels.com\/nl\/#organization"},"image":{"@id":"https:\/\/www.lespastourels.com\/nl\/boekenbeurs-chateau-des-milandes\/#primaryimage"},"thumbnailUrl":"https:\/\/www.lespastourels.com\/wp-content\/uploads\/2023\/02\/Josephine-Baker.jpg","articleSection":["Nieuws"],"inLanguage":"nl-NL","potentialAction":[{"@type":"CommentAction","name":"Comment","target":["https:\/\/www.lespastourels.com\/nl\/boekenbeurs-chateau-des-milandes\/#respond"]}]},{"@type":"WebPage","@id":"https:\/\/www.lespastourels.com\/nl\/boekenbeurs-chateau-des-milandes\/","url":"https:\/\/www.lespastourels.com\/nl\/boekenbeurs-chateau-des-milandes\/","name":"Boekenbeurs - Ch\u00e2teau des Milandes - Domaine Les Pastourels","isPartOf":{"@id":"https:\/\/www.lespastourels.com\/nl\/#website"},"primaryImageOfPage":{"@id":"https:\/\/www.lespastourels.com\/nl\/boekenbeurs-chateau-des-milandes\/#primaryimage"},"image":{"@id":"https:\/\/www.lespastourels.com\/nl\/boekenbeurs-chateau-des-milandes\/#primaryimage"},"thumbnailUrl":"https:\/\/www.lespastourels.com\/wp-content\/uploads\/2023\/02\/Josephine-Baker.jpg","datePublished":"2023-03-07T15:20:28+00:00","dateModified":"2026-03-25T10:49:35+00:00","description":"1e Boekenbeurs van 23 tot 25 juni 2023, in het Ch\u00e2teau des Milandes, gewijd aan de strijd tegen racisme in het hart van de P\u00e9rigord Noir","inLanguage":"nl-NL","potentialAction":[{"@type":"ReadAction","target":["https:\/\/www.lespastourels.com\/nl\/boekenbeurs-chateau-des-milandes\/"]}]},{"@type":"ImageObject","inLanguage":"nl-NL","@id":"https:\/\/www.lespastourels.com\/nl\/boekenbeurs-chateau-des-milandes\/#primaryimage","url":"https:\/\/www.lespastourels.com\/wp-content\/uploads\/2023\/02\/Josephine-Baker.jpg","contentUrl":"https:\/\/www.lespastourels.com\/wp-content\/uploads\/2023\/02\/Josephine-Baker.jpg","width":474,"height":609,"caption":"Josephine Baker"},{"@type":"WebSite","@id":"https:\/\/www.lespastourels.com\/nl\/#website","url":"https:\/\/www.lespastourels.com\/nl\/","name":"Domaine Les Pastourels","description":"Camping en P\u00e9rigord Noir","publisher":{"@id":"https:\/\/www.lespastourels.com\/nl\/#organization"},"potentialAction":[{"@type":"SearchAction","target":{"@type":"EntryPoint","urlTemplate":"https:\/\/www.lespastourels.com\/nl\/?s={search_term_string}"},"query-input":{"@type":"PropertyValueSpecification","valueRequired":true,"valueName":"search_term_string"}}],"inLanguage":"nl-NL"},{"@type":"Organization","@id":"https:\/\/www.lespastourels.com\/nl\/#organization","name":"Les Pastourels","url":"https:\/\/www.lespastourels.com\/nl\/","logo":{"@type":"ImageObject","inLanguage":"nl-NL","@id":"https:\/\/www.lespastourels.com\/nl\/#\/schema\/logo\/image\/","url":"https:\/\/www.lespastourels.com\/wp-content\/uploads\/2021\/05\/logo.png","contentUrl":"https:\/\/www.lespastourels.com\/wp-content\/uploads\/2021\/05\/logo.png","width":244,"height":196,"caption":"Les Pastourels"},"image":{"@id":"https:\/\/www.lespastourels.com\/nl\/#\/schema\/logo\/image\/"}},{"@type":"Person","@id":"https:\/\/www.lespastourels.com\/nl\/#\/schema\/person\/1941f412caa3e2df9ce408c89443ad94","name":"Les.pastourelS","image":{"@type":"ImageObject","inLanguage":"nl-NL","@id":"https:\/\/secure.gravatar.com\/avatar\/4ff5d4ebc15037744fea29c5955131127dc4397ea80c0f627bcc66b71de7a554?s=96&d=mm&r=g","url":"https:\/\/secure.gravatar.com\/avatar\/4ff5d4ebc15037744fea29c5955131127dc4397ea80c0f627bcc66b71de7a554?s=96&d=mm&r=g","contentUrl":"https:\/\/secure.gravatar.com\/avatar\/4ff5d4ebc15037744fea29c5955131127dc4397ea80c0f627bcc66b71de7a554?s=96&d=mm&r=g","caption":"Les.pastourelS"}}]}},"_links":{"self":[{"href":"https:\/\/www.lespastourels.com\/nl\/wp-json\/wp\/v2\/posts\/2497","targetHints":{"allow":["GET"]}}],"collection":[{"href":"https:\/\/www.lespastourels.com\/nl\/wp-json\/wp\/v2\/posts"}],"about":[{"href":"https:\/\/www.lespastourels.com\/nl\/wp-json\/wp\/v2\/types\/post"}],"author":[{"embeddable":true,"href":"https:\/\/www.lespastourels.com\/nl\/wp-json\/wp\/v2\/users\/2"}],"replies":[{"embeddable":true,"href":"https:\/\/www.lespastourels.com\/nl\/wp-json\/wp\/v2\/comments?post=2497"}],"version-history":[{"count":1,"href":"https:\/\/www.lespastourels.com\/nl\/wp-json\/wp\/v2\/posts\/2497\/revisions"}],"predecessor-version":[{"id":3156,"href":"https:\/\/www.lespastourels.com\/nl\/wp-json\/wp\/v2\/posts\/2497\/revisions\/3156"}],"wp:featuredmedia":[{"embeddable":true,"href":"https:\/\/www.lespastourels.com\/nl\/wp-json\/wp\/v2\/media\/2484"}],"wp:attachment":[{"href":"https:\/\/www.lespastourels.com\/nl\/wp-json\/wp\/v2\/media?parent=2497"}],"wp:term":[{"taxonomy":"category","embeddable":true,"href":"https:\/\/www.lespastourels.com\/nl\/wp-json\/wp\/v2\/categories?post=2497"},{"taxonomy":"post_tag","embeddable":true,"href":"https:\/\/www.lespastourels.com\/nl\/wp-json\/wp\/v2\/tags?post=2497"}],"curies":[{"name":"wp","href":"https:\/\/api.w.org\/{rel}","templated":true}]}}